{"id":68,"date":"2018-06-11T12:11:53","date_gmt":"2018-06-11T12:11:53","guid":{"rendered":"http:\/\/www.inwineopinion.com\/?p=68"},"modified":"2025-08-25T09:56:04","modified_gmt":"2025-08-25T07:56:04","slug":"anthony-bourdain-lo-chef-il-viaggiatore-luomo","status":"publish","type":"post","link":"https:\/\/www.inwineopinion.com\/home-4\/anthony-bourdain-lo-chef-il-viaggiatore-luomo\/","title":{"rendered":"Anthony Bourdain: lo Chef, il Viaggiatore, l&#8217;Uomo."},"content":{"rendered":"\t\t<div data-elementor-type=\"wp-post\" data-elementor-id=\"68\" class=\"elementor elementor-68\" data-elementor-post-type=\"post\">\n\t\t\t\t\t\t<header class=\"has_eae_slider elementor-section elementor-top-section elementor-element elementor-element-3adf9b65 elementor-section-boxed elementor-section-height-default elementor-section-height-default\" data-eae-slider=\"78807\" data-id=\"3adf9b65\" data-element_type=\"section\" data-e-type=\"section\" data-settings=\"{&quot;background_background&quot;:&quot;classic&quot;,&quot;animation&quot;:&quot;none&quot;,&quot;shape_divider_top&quot;:&quot;mountains&quot;}\">\n\t\t\t\t\t<div class=\"elementor-shape elementor-shape-top\" aria-hidden=\"true\" data-negative=\"false\">\n\t\t\t<svg xmlns=\"http:\/\/www.w3.org\/2000\/svg\" viewBox=\"0 0 1000 100\" preserveAspectRatio=\"none\">\n\t<path class=\"elementor-shape-fill\" opacity=\"0.33\" d=\"M473,67.3c-203.9,88.3-263.1-34-320.3,0C66,119.1,0,59.7,0,59.7V0h1000v59.7 c0,0-62.1,26.1-94.9,29.3c-32.8,3.3-62.8-12.3-75.8-22.1C806,49.6,745.3,8.7,694.9,4.7S492.4,59,473,67.3z\"\/>\n\t<path class=\"elementor-shape-fill\" opacity=\"0.66\" d=\"M734,67.3c-45.5,0-77.2-23.2-129.1-39.1c-28.6-8.7-150.3-10.1-254,39.1 s-91.7-34.4-149.2,0C115.7,118.3,0,39.8,0,39.8V0h1000v36.5c0,0-28.2-18.5-92.1-18.5C810.2,18.1,775.7,67.3,734,67.3z\"\/>\n\t<path class=\"elementor-shape-fill\" d=\"M766.1,28.9c-200-57.5-266,65.5-395.1,19.5C242,1.8,242,5.4,184.8,20.6C128,35.8,132.3,44.9,89.9,52.5C28.6,63.7,0,0,0,0 h1000c0,0-9.9,40.9-83.6,48.1S829.6,47,766.1,28.9z\"\/>\n<\/svg>\t\t<\/div>\n\t\t\t\t\t<div class=\"elementor-container elementor-column-gap-default\">\n\t\t\t\t\t<div class=\"has_eae_slider elementor-column elementor-col-50 elementor-top-column elementor-element elementor-element-179a292b\" data-eae-slider=\"87942\" data-id=\"179a292b\" data-element_type=\"column\" data-e-type=\"column\">\n\t\t\t<div class=\"elementor-widget-wrap elementor-element-populated\">\n\t\t\t\t\t\t<div class=\"elementor-element elementor-element-748c49dd elementor-widget elementor-widget-spacer\" data-id=\"748c49dd\" data-element_type=\"widget\" data-e-type=\"widget\" data-widget_type=\"spacer.default\">\n\t\t\t\t<div class=\"elementor-widget-container\">\n\t\t\t\t\t\t\t<div class=\"elementor-spacer\">\n\t\t\t<div class=\"elementor-spacer-inner\"><\/div>\n\t\t<\/div>\n\t\t\t\t\t\t<\/div>\n\t\t\t\t<\/div>\n\t\t\t\t<div class=\"elementor-element elementor-element-41020b9 elementor-widget elementor-widget-image\" data-id=\"41020b9\" data-element_type=\"widget\" data-e-type=\"widget\" data-widget_type=\"image.default\">\n\t\t\t\t<div class=\"elementor-widget-container\">\n\t\t\t\t\t\t\t\t\t\t\t\t\t\t\t\t<a href=\"https:\/\/www.inwineopinion.com\">\n\t\t\t\t\t\t\t<img decoding=\"async\" src=\"https:\/\/www.inwineopinion.com\/wp-content\/uploads\/elementor\/thumbs\/logo-in-wine-opinion-250x250-1-old4gi4tz8rwiqv9vnaty192bev57yebozifrndgwg.png\" title=\"logo-in-wine-opinion-250&#215;250\" alt=\"logo-in-wine-opinion-250x250\" loading=\"lazy\" \/>\t\t\t\t\t\t\t\t<\/a>\n\t\t\t\t\t\t\t\t\t\t\t\t\t\t\t<\/div>\n\t\t\t\t<\/div>\n\t\t\t\t\t<\/div>\n\t\t<\/div>\n\t\t\t\t<div class=\"has_eae_slider elementor-column elementor-col-50 elementor-top-column elementor-element elementor-element-733ecd13\" data-eae-slider=\"93488\" data-id=\"733ecd13\" data-element_type=\"column\" data-e-type=\"column\">\n\t\t\t<div class=\"elementor-widget-wrap elementor-element-populated\">\n\t\t\t\t\t\t<div class=\"elementor-element elementor-element-2e23c706 elementor-widget elementor-widget-spacer\" data-id=\"2e23c706\" data-element_type=\"widget\" data-e-type=\"widget\" data-widget_type=\"spacer.default\">\n\t\t\t\t<div class=\"elementor-widget-container\">\n\t\t\t\t\t\t\t<div class=\"elementor-spacer\">\n\t\t\t<div class=\"elementor-spacer-inner\"><\/div>\n\t\t<\/div>\n\t\t\t\t\t\t<\/div>\n\t\t\t\t<\/div>\n\t\t\t\t<div class=\"elementor-element elementor-element-4072ae5f elementor-nav-menu__align-center elementor-nav-menu--stretch elementor-nav-menu__text-align-center elementor-nav-menu--dropdown-tablet elementor-nav-menu--toggle elementor-nav-menu--burger elementor-widget elementor-widget-nav-menu\" data-id=\"4072ae5f\" data-element_type=\"widget\" data-e-type=\"widget\" data-settings=\"{&quot;full_width&quot;:&quot;stretch&quot;,&quot;layout&quot;:&quot;horizontal&quot;,&quot;submenu_icon&quot;:{&quot;value&quot;:&quot;&lt;i class=\\&quot;fas fa-caret-down\\&quot; aria-hidden=\\&quot;true\\&quot;&gt;&lt;\\\/i&gt;&quot;,&quot;library&quot;:&quot;fa-solid&quot;},&quot;toggle&quot;:&quot;burger&quot;}\" data-widget_type=\"nav-menu.default\">\n\t\t\t\t<div class=\"elementor-widget-container\">\n\t\t\t\t\t\t\t\t<nav aria-label=\"Menu\" class=\"elementor-nav-menu--main elementor-nav-menu__container elementor-nav-menu--layout-horizontal e--pointer-underline e--animation-fade\">\n\t\t\t\t<ul id=\"menu-1-4072ae5f\" class=\"elementor-nav-menu\"><li class=\"menu-item menu-item-type-post_type menu-item-object-page menu-item-home menu-item-4508\"><a href=\"https:\/\/www.inwineopinion.com\/home-4\/\" class=\"elementor-item\">Homepage<\/a><\/li>\n<li class=\"menu-item menu-item-type-post_type menu-item-object-page menu-item-1719\"><a href=\"https:\/\/www.inwineopinion.com\/home-4\/il-progetto\/\" class=\"elementor-item\">Progetto<\/a><\/li>\n<li class=\"menu-item menu-item-type-post_type menu-item-object-page menu-item-4113\"><a href=\"https:\/\/www.inwineopinion.com\/home-4\/le-consulenze-in-wine-opinion\/\" class=\"elementor-item\">Le consulenze<\/a><\/li>\n<li class=\"menu-item menu-item-type-custom menu-item-object-custom menu-item-has-children menu-item-3269\"><a href=\"#\" class=\"elementor-item elementor-item-anchor\">Blog<\/a>\n<ul class=\"sub-menu elementor-nav-menu--dropdown\">\n\t<li class=\"menu-item menu-item-type-post_type menu-item-object-page menu-item-1853\"><a href=\"https:\/\/www.inwineopinion.com\/home-4\/la-carta-dei-vinili-in-wine-opinion\/\" class=\"elementor-sub-item\">Carta dei Vinili<\/a><\/li>\n\t<li class=\"menu-item menu-item-type-post_type menu-item-object-page menu-item-1702\"><a href=\"https:\/\/www.inwineopinion.com\/home-4\/la-mia-dispensa\/\" class=\"elementor-sub-item\">La Mia Dispensa<\/a><\/li>\n<\/ul>\n<\/li>\n<li class=\"menu-item menu-item-type-post_type menu-item-object-page menu-item-4111\"><a href=\"https:\/\/www.inwineopinion.com\/home-4\/aperiwine-with-in-wine-opinion\/\" class=\"elementor-item\">Aperiwine with\u2026<\/a><\/li>\n<li class=\"menu-item menu-item-type-post_type menu-item-object-page menu-item-4112\"><a href=\"https:\/\/www.inwineopinion.com\/home-4\/contatti\/\" class=\"elementor-item\">Contatti<\/a><\/li>\n<\/ul>\t\t\t<\/nav>\n\t\t\t\t\t<div class=\"elementor-menu-toggle\" role=\"button\" tabindex=\"0\" aria-label=\"Menu di commutazione\" aria-expanded=\"false\">\n\t\t\t<i aria-hidden=\"true\" role=\"presentation\" class=\"elementor-menu-toggle__icon--open eicon-menu-bar\"><\/i><i aria-hidden=\"true\" role=\"presentation\" class=\"elementor-menu-toggle__icon--close eicon-close\"><\/i>\t\t<\/div>\n\t\t\t\t\t<nav class=\"elementor-nav-menu--dropdown elementor-nav-menu__container\" aria-hidden=\"true\">\n\t\t\t\t<ul id=\"menu-2-4072ae5f\" class=\"elementor-nav-menu\"><li class=\"menu-item menu-item-type-post_type menu-item-object-page menu-item-home menu-item-4508\"><a href=\"https:\/\/www.inwineopinion.com\/home-4\/\" class=\"elementor-item\" tabindex=\"-1\">Homepage<\/a><\/li>\n<li class=\"menu-item menu-item-type-post_type menu-item-object-page menu-item-1719\"><a href=\"https:\/\/www.inwineopinion.com\/home-4\/il-progetto\/\" class=\"elementor-item\" tabindex=\"-1\">Progetto<\/a><\/li>\n<li class=\"menu-item menu-item-type-post_type menu-item-object-page menu-item-4113\"><a href=\"https:\/\/www.inwineopinion.com\/home-4\/le-consulenze-in-wine-opinion\/\" class=\"elementor-item\" tabindex=\"-1\">Le consulenze<\/a><\/li>\n<li class=\"menu-item menu-item-type-custom menu-item-object-custom menu-item-has-children menu-item-3269\"><a href=\"#\" class=\"elementor-item elementor-item-anchor\" tabindex=\"-1\">Blog<\/a>\n<ul class=\"sub-menu elementor-nav-menu--dropdown\">\n\t<li class=\"menu-item menu-item-type-post_type menu-item-object-page menu-item-1853\"><a href=\"https:\/\/www.inwineopinion.com\/home-4\/la-carta-dei-vinili-in-wine-opinion\/\" class=\"elementor-sub-item\" tabindex=\"-1\">Carta dei Vinili<\/a><\/li>\n\t<li class=\"menu-item menu-item-type-post_type menu-item-object-page menu-item-1702\"><a href=\"https:\/\/www.inwineopinion.com\/home-4\/la-mia-dispensa\/\" class=\"elementor-sub-item\" tabindex=\"-1\">La Mia Dispensa<\/a><\/li>\n<\/ul>\n<\/li>\n<li class=\"menu-item menu-item-type-post_type menu-item-object-page menu-item-4111\"><a href=\"https:\/\/www.inwineopinion.com\/home-4\/aperiwine-with-in-wine-opinion\/\" class=\"elementor-item\" tabindex=\"-1\">Aperiwine with\u2026<\/a><\/li>\n<li class=\"menu-item menu-item-type-post_type menu-item-object-page menu-item-4112\"><a href=\"https:\/\/www.inwineopinion.com\/home-4\/contatti\/\" class=\"elementor-item\" tabindex=\"-1\">Contatti<\/a><\/li>\n<\/ul>\t\t\t<\/nav>\n\t\t\t\t\t\t<\/div>\n\t\t\t\t<\/div>\n\t\t\t\t\t<\/div>\n\t\t<\/div>\n\t\t\t\t\t<\/div>\n\t\t<\/header>\n\t\t\t\t<section class=\"has_eae_slider elementor-section elementor-top-section elementor-element elementor-element-230f3e28 elementor-section-full_width elementor-section-height-default elementor-section-height-default\" data-eae-slider=\"13419\" data-id=\"230f3e28\" data-element_type=\"section\" data-e-type=\"section\">\n\t\t\t\t\t\t<div class=\"elementor-container elementor-column-gap-no\">\n\t\t\t\t\t<div class=\"has_eae_slider elementor-column elementor-col-100 elementor-top-column elementor-element elementor-element-6133a5b9\" data-eae-slider=\"97575\" data-id=\"6133a5b9\" data-element_type=\"column\" data-e-type=\"column\">\n\t\t\t<div class=\"elementor-widget-wrap elementor-element-populated\">\n\t\t\t\t\t\t<div class=\"elementor-element elementor-element-735c727c elementor--h-position-center elementor--v-position-middle elementor-arrows-position-inside elementor-widget elementor-widget-slides\" data-id=\"735c727c\" data-element_type=\"widget\" data-e-type=\"widget\" data-settings=\"{&quot;navigation&quot;:&quot;arrows&quot;,&quot;autoplay_speed&quot;:&quot;4000&quot;,&quot;autoplay&quot;:&quot;yes&quot;,&quot;pause_on_hover&quot;:&quot;yes&quot;,&quot;pause_on_interaction&quot;:&quot;yes&quot;,&quot;infinite&quot;:&quot;yes&quot;,&quot;transition&quot;:&quot;slide&quot;,&quot;transition_speed&quot;:500}\" data-widget_type=\"slides.default\">\n\t\t\t\t<div class=\"elementor-widget-container\">\n\t\t\t\t\t\t\t\t\t<div class=\"elementor-swiper\">\n\t\t\t\t\t<div class=\"elementor-slides-wrapper elementor-main-swiper swiper\" role=\"region\" aria-roledescription=\"carousel\" aria-label=\"Slides\" dir=\"ltr\" data-animation=\"fadeInLeft\">\n\t\t\t\t<div class=\"swiper-wrapper elementor-slides\">\n\t\t\t\t\t\t\t\t\t\t<div class=\"elementor-repeater-item-ojh409t swiper-slide\" role=\"group\" aria-roledescription=\"slide\"><div class=\"swiper-slide-bg\" role=\"img\" aria-label=\"Attribution-NonCommercial-ShareAlike 2.0 Generic\"><\/div><div class=\"elementor-background-overlay\"><\/div><div class=\"swiper-slide-inner\" ><div class=\"swiper-slide-contents\"><div class=\"elementor-slide-heading\">Anthony Bourdain: lo Chef, il Viaggiatore, l\u2019Uomo.<\/div><div class=\"elementor-slide-description\">Notizia della settimana<\/div><\/div><\/div><\/div>\t\t\t\t<\/div>\n\t\t\t\t\t\t\t<\/div>\n\t\t\t\t<\/div>\n\t\t\t\t\t\t\t\t<\/div>\n\t\t\t\t<\/div>\n\t\t\t\t\t<\/div>\n\t\t<\/div>\n\t\t\t\t\t<\/div>\n\t\t<\/section>\n\t\t\t\t<section class=\"has_eae_slider elementor-section elementor-top-section elementor-element elementor-element-16ed30d3 elementor-section-boxed elementor-section-height-default elementor-section-height-default\" data-eae-slider=\"29118\" data-id=\"16ed30d3\" data-element_type=\"section\" data-e-type=\"section\" data-settings=\"{&quot;background_background&quot;:&quot;classic&quot;}\">\n\t\t\t\t\t\t<div class=\"elementor-container elementor-column-gap-default\">\n\t\t\t\t\t<div class=\"has_eae_slider elementor-column elementor-col-100 elementor-top-column elementor-element elementor-element-10b42457\" data-eae-slider=\"41074\" data-id=\"10b42457\" data-element_type=\"column\" data-e-type=\"column\" data-settings=\"{&quot;background_background&quot;:&quot;classic&quot;}\">\n\t\t\t<div class=\"elementor-widget-wrap elementor-element-populated\">\n\t\t\t\t\t\t<div class=\"elementor-element elementor-element-2f6ed3ea elementor-widget elementor-widget-breadcrumbs\" data-id=\"2f6ed3ea\" data-element_type=\"widget\" data-e-type=\"widget\" data-widget_type=\"breadcrumbs.default\">\n\t\t\t\t<div class=\"elementor-widget-container\">\n\t\t\t\t\t<p id=\"breadcrumbs\"><span><span><a href=\"https:\/\/www.inwineopinion.com\/home-4\/\">Home<\/a><\/span><\/span><\/p>\t\t\t\t<\/div>\n\t\t\t\t<\/div>\n\t\t\t\t\t<\/div>\n\t\t<\/div>\n\t\t\t\t\t<\/div>\n\t\t<\/section>\n\t\t\t\t<section class=\"has_eae_slider elementor-section elementor-top-section elementor-element elementor-element-6597cfbe elementor-reverse-mobile elementor-section-boxed elementor-section-height-default elementor-section-height-default\" data-eae-slider=\"59417\" data-id=\"6597cfbe\" data-element_type=\"section\" data-e-type=\"section\" data-settings=\"{&quot;background_background&quot;:&quot;classic&quot;}\">\n\t\t\t\t\t\t<div class=\"elementor-container elementor-column-gap-no\">\n\t\t\t\t\t<div class=\"has_eae_slider elementor-column elementor-col-100 elementor-top-column elementor-element elementor-element-3f6d8fb7 elementor-invisible\" data-eae-slider=\"17662\" data-id=\"3f6d8fb7\" data-element_type=\"column\" data-e-type=\"column\" data-settings=\"{&quot;animation&quot;:&quot;fadeInRight&quot;}\">\n\t\t\t<div class=\"elementor-widget-wrap elementor-element-populated\">\n\t\t\t\t\t\t<div class=\"elementor-element elementor-element-f87dca3 elementor-widget elementor-widget-heading\" data-id=\"f87dca3\" data-element_type=\"widget\" data-e-type=\"widget\" data-widget_type=\"heading.default\">\n\t\t\t\t<div class=\"elementor-widget-container\">\n\t\t\t\t\t<h2 class=\"elementor-heading-title elementor-size-default\">Anthony Bourdain,<\/h2>\t\t\t\t<\/div>\n\t\t\t\t<\/div>\n\t\t\t\t<div class=\"elementor-element elementor-element-281474b6 elementor-widget elementor-widget-text-editor\" data-id=\"281474b6\" data-element_type=\"widget\" data-e-type=\"widget\" data-widget_type=\"text-editor.default\">\n\t\t\t\t<div class=\"elementor-widget-container\">\n\t\t\t\t\t\t\t\t\t<p>Desidero dedicare il mio primo articolo ad un grande chef americano <br>scomparso pochi giorni fa.<\/p>\n<p>L\u2019ho scoperto mentre scrivevo la tesi di laurea sulla storia della cucina italiana in America quando ho acquistato il suo libro \u201c<em>Al Sangue<\/em>\u201d, seguito del best seller \u201c<em>Kitchen Confidential<\/em>\u201d in cui, con pungente ironia, descriveva le vicende che si celano dietro il mondo della ristorazione.<\/p>\n<p>Ero partita non poco scettica, ammetto, facendomi condizionare dal suo carattere un po\u2019 fra l\u2019arrogante e lo snob, ma via via che leggevo (e lo \u201cconoscevo\u201d) ho capito che oltre questa facciata ribelle c\u2019era ben altro: l\u2019autenticit\u00e0 di un uomo provato dalle esperienze di vita e dal suo lavoro che raccontava con crudezza narrativa e senza peli sulla lingua un\u2019esistenza dedicata al cibo e alla sua cultura.<\/p>\n<p>Ed \u00e8 proprio questo ultimo aspetto che abbiamo conosciuto maggiormente anche guardando il suo programma \u201c<em>Anthony Bourdain: viaggio di un cuoco<\/em>\u201d, accompagnati e immersi nelle storie intorno al mondo alla scoperta degli esseri umani attraverso il loro concetto di gastronomia.<\/p>\n<p>Raccontava il cibo nel modo meno \u201cpatinato\u201d e televisivo possibile, delle minoranze e dei rifugiati, con un linguaggio tagliente ma senza giudizi di valore, quasi \u201cal sangue\u201d per citare la sua opera.<\/p>\n<p>\u201c<em>E\u2019 a tavola che la gente si lascia andare davvero<\/em> [\u2026]\u201d diceva in una bella intervista su Repubblica \u201c[\u2026] <em>\u00e8 il luogo migliore per comprendere chi \u00e8 diverso da te<\/em>\u201d.<\/p>\n<p>(<a href=\"http:\/\/shorturl.at\/bxzX5\">shorturl.at\/bxzX5<\/a>)<\/p>\n<p>Grazie alla sua visione, abbiamo compreso come la condivisione e l\u2019interazione dei vari patrimoni di conoscenze sia un valore aggiunto e che sia presente in tutta la tradizione gastronomica, anche quella italiana. Basti pensare che il piatto pi\u00f9 semplice ed emblematico della nostra cultura, la pasta con il pomodoro, \u00e8 frutto della contaminazione di popoli come quello arabo (primo ad essiccare la pasta fresca per poterla conservare pi\u00f9 a lungo) e quello dell\u2019America Centrale (luogo di origine del pomodoro).<\/p>\n<p><em>\u201cIf I\u2019m an advocate for anything, it\u2019s to move. As far as You can. Across the Ocean, or simply across the river. The extent to which You can walk in someone else\u2019s shoes or at least eat their food, it\u2019s a plus for everybody. Open your mind, get up the couch, move\u201d.<\/em><\/p>\n<p>Grazie Tony, che la terra ti sia lieve<\/p>\t\t\t\t\t\t\t\t<\/div>\n\t\t\t\t<\/div>\n\t\t\t\t\t<\/div>\n\t\t<\/div>\n\t\t\t\t\t<\/div>\n\t\t<\/section>\n\t\t\t\t<section class=\"has_eae_slider elementor-section elementor-top-section elementor-element elementor-element-529c768b elementor-section-boxed elementor-section-height-default elementor-section-height-default\" data-eae-slider=\"18110\" data-id=\"529c768b\" data-element_type=\"section\" data-e-type=\"section\">\n\t\t\t\t\t\t<div class=\"elementor-container elementor-column-gap-no\">\n\t\t\t\t\t<div class=\"has_eae_slider elementor-column elementor-col-100 elementor-top-column elementor-element elementor-element-6adac31f\" data-eae-slider=\"59183\" data-id=\"6adac31f\" data-element_type=\"column\" data-e-type=\"column\">\n\t\t\t<div class=\"elementor-widget-wrap elementor-element-populated\">\n\t\t\t\t\t\t<div class=\"elementor-element elementor-element-8179139 elementor-widget elementor-widget-heading\" data-id=\"8179139\" data-element_type=\"widget\" data-e-type=\"widget\" data-widget_type=\"heading.default\">\n\t\t\t\t<div class=\"elementor-widget-container\">\n\t\t\t\t\t<h2 class=\"elementor-heading-title elementor-size-default\">Articoli Correlati<\/h2>\t\t\t\t<\/div>\n\t\t\t\t<\/div>\n\t\t\t\t<div class=\"elementor-element elementor-element-5a5c4110 elementor-grid-4 elementor-grid-mobile-2 elementor-grid-tablet-2 elementor-posts--thumbnail-top elementor-widget elementor-widget-posts\" data-id=\"5a5c4110\" data-element_type=\"widget\" data-e-type=\"widget\" data-settings=\"{&quot;classic_row_gap&quot;:{&quot;unit&quot;:&quot;px&quot;,&quot;size&quot;:45,&quot;sizes&quot;:[]},&quot;classic_columns&quot;:&quot;4&quot;,&quot;classic_columns_mobile&quot;:&quot;2&quot;,&quot;classic_columns_tablet&quot;:&quot;2&quot;,&quot;classic_row_gap_tablet&quot;:{&quot;unit&quot;:&quot;px&quot;,&quot;size&quot;:&quot;&quot;,&quot;sizes&quot;:[]},&quot;classic_row_gap_mobile&quot;:{&quot;unit&quot;:&quot;px&quot;,&quot;size&quot;:&quot;&quot;,&quot;sizes&quot;:[]}}\" data-widget_type=\"posts.classic\">\n\t\t\t\t<div class=\"elementor-widget-container\">\n\t\t\t\t\t\t\t<div class=\"elementor-posts-container elementor-posts elementor-posts--skin-classic elementor-grid\" role=\"list\">\n\t\t\t\t<article class=\"elementor-post elementor-grid-item post-5015 post type-post status-publish format-standard has-post-thumbnail hentry category-world-wide-food-wine tag-spirits tag-the-spiritual-machine tag-torino tag-vermouth\" role=\"listitem\">\n\t\t\t\t<a class=\"elementor-post__thumbnail__link\" href=\"https:\/\/www.inwineopinion.com\/home-4\/quando-il-vino-si-reinventa-la-storia-di-the-spiritual-machine\/\" tabindex=\"-1\" >\n\t\t\t<div class=\"elementor-post__thumbnail\"><img fetchpriority=\"high\" decoding=\"async\" width=\"169\" height=\"300\" src=\"https:\/\/www.inwineopinion.com\/wp-content\/uploads\/2026\/02\/WhatsApp-Image-2026-02-20-at-17.24.23-169x300.jpeg\" class=\"attachment-medium size-medium wp-image-5017\" alt=\"the-spiritual-machina-in-wine-opinion\" srcset=\"https:\/\/www.inwineopinion.com\/wp-content\/uploads\/2026\/02\/WhatsApp-Image-2026-02-20-at-17.24.23-169x300.jpeg 169w, https:\/\/www.inwineopinion.com\/wp-content\/uploads\/2026\/02\/WhatsApp-Image-2026-02-20-at-17.24.23-576x1024.jpeg 576w, https:\/\/www.inwineopinion.com\/wp-content\/uploads\/2026\/02\/WhatsApp-Image-2026-02-20-at-17.24.23-768x1365.jpeg 768w, https:\/\/www.inwineopinion.com\/wp-content\/uploads\/2026\/02\/WhatsApp-Image-2026-02-20-at-17.24.23-864x1536.jpeg 864w, https:\/\/www.inwineopinion.com\/wp-content\/uploads\/2026\/02\/WhatsApp-Image-2026-02-20-at-17.24.23.jpeg 1080w\" sizes=\"(max-width: 169px) 100vw, 169px\" \/><\/div>\n\t\t<\/a>\n\t\t\t\t<div class=\"elementor-post__text\">\n\t\t\t\t<h3 class=\"elementor-post__title\">\n\t\t\t<a href=\"https:\/\/www.inwineopinion.com\/home-4\/quando-il-vino-si-reinventa-la-storia-di-the-spiritual-machine\/\" >\n\t\t\t\tQuando il vino si reinventa: la storia di The Spiritual Machine\t\t\t<\/a>\n\t\t<\/h3>\n\t\t\t\t<div class=\"elementor-post__meta-data\">\n\t\t\t\t\t<span class=\"elementor-post-author\">\n\t\t\tAnna Sacchetto\t\t<\/span>\n\t\t\t\t<span class=\"elementor-post-date\">\n\t\t\t20 Febbraio 2026\t\t<\/span>\n\t\t\t\t<\/div>\n\t\t\t\t<div class=\"elementor-post__excerpt\">\n\t\t\t<p>The Spiritual Machine \u00e8 la startup torinese che crea spirits personalizzati per cantine e brand: vermouth, gin e amari su misura, packaging, marketing e progetti white label.<\/p>\n\t\t<\/div>\n\t\t\n\t\t<a class=\"elementor-post__read-more\" href=\"https:\/\/www.inwineopinion.com\/home-4\/quando-il-vino-si-reinventa-la-storia-di-the-spiritual-machine\/\" aria-label=\"Leggi tutto Quando il vino si reinventa: la storia di The Spiritual Machine\" tabindex=\"-1\" >\n\t\t\tLeggi l'articolo &gt;&gt;\t\t<\/a>\n\n\t\t\t\t<\/div>\n\t\t\t\t<\/article>\n\t\t\t\t<article class=\"elementor-post elementor-grid-item post-4861 post type-post status-publish format-standard has-post-thumbnail hentry category-world-wide-food-wine tag-224 tag-cibo tag-eventi tag-food tag-giugno tag-piemonte tag-regioni tag-vino\" role=\"listitem\">\n\t\t\t\t<a class=\"elementor-post__thumbnail__link\" href=\"https:\/\/www.inwineopinion.com\/home-4\/eventi-di-vino-e-di-gusto-giugno-2025\/\" tabindex=\"-1\" >\n\t\t\t<div class=\"elementor-post__thumbnail\"><img decoding=\"async\" width=\"300\" height=\"300\" src=\"https:\/\/www.inwineopinion.com\/wp-content\/uploads\/2020\/10\/gfdg-1-300x300.jpg\" class=\"attachment-medium size-medium wp-image-3385\" alt=\"aperiwine-with-timorasso-vino-bianco-bicchiere-in-wine-opinion\" srcset=\"https:\/\/www.inwineopinion.com\/wp-content\/uploads\/2020\/10\/gfdg-1-300x300.jpg 300w, https:\/\/www.inwineopinion.com\/wp-content\/uploads\/2020\/10\/gfdg-1-1024x1024.jpg 1024w, https:\/\/www.inwineopinion.com\/wp-content\/uploads\/2020\/10\/gfdg-1-150x150.jpg 150w, https:\/\/www.inwineopinion.com\/wp-content\/uploads\/2020\/10\/gfdg-1-768x768.jpg 768w, https:\/\/www.inwineopinion.com\/wp-content\/uploads\/2020\/10\/gfdg-1.jpg 1200w\" sizes=\"(max-width: 300px) 100vw, 300px\" \/><\/div>\n\t\t<\/a>\n\t\t\t\t<div class=\"elementor-post__text\">\n\t\t\t\t<h3 class=\"elementor-post__title\">\n\t\t\t<a href=\"https:\/\/www.inwineopinion.com\/home-4\/eventi-di-vino-e-di-gusto-giugno-2025\/\" >\n\t\t\t\tEventi di vino e di gusto &#8211; Giugno 2025!\t\t\t<\/a>\n\t\t<\/h3>\n\t\t\t\t<div class=\"elementor-post__meta-data\">\n\t\t\t\t\t<span class=\"elementor-post-author\">\n\t\t\tAnna Sacchetto\t\t<\/span>\n\t\t\t\t<span class=\"elementor-post-date\">\n\t\t\t31 Maggio 2025\t\t<\/span>\n\t\t\t\t<\/div>\n\t\t\t\t<div class=\"elementor-post__excerpt\">\n\t\t\t<p>eventi di vino e di gusto- Giugno 2025 Notizia della settimana Con l\u2019arrivo<\/p>\n\t\t<\/div>\n\t\t\n\t\t<a class=\"elementor-post__read-more\" href=\"https:\/\/www.inwineopinion.com\/home-4\/eventi-di-vino-e-di-gusto-giugno-2025\/\" aria-label=\"Leggi tutto Eventi di vino e di gusto &#8211; Giugno 2025!\" tabindex=\"-1\" >\n\t\t\tLeggi l'articolo &gt;&gt;\t\t<\/a>\n\n\t\t\t\t<\/div>\n\t\t\t\t<\/article>\n\t\t\t\t<article class=\"elementor-post elementor-grid-item post-4818 post type-post status-publish format-standard has-post-thumbnail hentry category-world-wide-food-wine tag-224 tag-cibo tag-eventi tag-food tag-italia tag-primavera tag-regioni tag-vino\" role=\"listitem\">\n\t\t\t\t<a class=\"elementor-post__thumbnail__link\" href=\"https:\/\/www.inwineopinion.com\/home-4\/eventi-di-vino-e-di-gusto-primavera-2025-2\/\" tabindex=\"-1\" >\n\t\t\t<div class=\"elementor-post__thumbnail\"><img decoding=\"async\" width=\"300\" height=\"300\" src=\"https:\/\/www.inwineopinion.com\/wp-content\/uploads\/2020\/10\/gfdg-1-300x300.jpg\" class=\"attachment-medium size-medium wp-image-3385\" alt=\"aperiwine-with-timorasso-vino-bianco-bicchiere-in-wine-opinion\" srcset=\"https:\/\/www.inwineopinion.com\/wp-content\/uploads\/2020\/10\/gfdg-1-300x300.jpg 300w, https:\/\/www.inwineopinion.com\/wp-content\/uploads\/2020\/10\/gfdg-1-1024x1024.jpg 1024w, https:\/\/www.inwineopinion.com\/wp-content\/uploads\/2020\/10\/gfdg-1-150x150.jpg 150w, https:\/\/www.inwineopinion.com\/wp-content\/uploads\/2020\/10\/gfdg-1-768x768.jpg 768w, https:\/\/www.inwineopinion.com\/wp-content\/uploads\/2020\/10\/gfdg-1.jpg 1200w\" sizes=\"(max-width: 300px) 100vw, 300px\" \/><\/div>\n\t\t<\/a>\n\t\t\t\t<div class=\"elementor-post__text\">\n\t\t\t\t<h3 class=\"elementor-post__title\">\n\t\t\t<a href=\"https:\/\/www.inwineopinion.com\/home-4\/eventi-di-vino-e-di-gusto-primavera-2025-2\/\" >\n\t\t\t\tEventi di vino e di gusto &#8211; Primavera 2025!\t\t\t<\/a>\n\t\t<\/h3>\n\t\t\t\t<div class=\"elementor-post__meta-data\">\n\t\t\t\t\t<span class=\"elementor-post-author\">\n\t\t\tAnna Sacchetto\t\t<\/span>\n\t\t\t\t<span class=\"elementor-post-date\">\n\t\t\t29 Aprile 2025\t\t<\/span>\n\t\t\t\t<\/div>\n\t\t\t\t<div class=\"elementor-post__excerpt\">\n\t\t\t<p>eventi di vino e di gusto- primavera 2025 Notizia della settimana Con l\u2019arrivo<\/p>\n\t\t<\/div>\n\t\t\n\t\t<a class=\"elementor-post__read-more\" href=\"https:\/\/www.inwineopinion.com\/home-4\/eventi-di-vino-e-di-gusto-primavera-2025-2\/\" aria-label=\"Leggi tutto Eventi di vino e di gusto &#8211; Primavera 2025!\" tabindex=\"-1\" >\n\t\t\tLeggi l'articolo &gt;&gt;\t\t<\/a>\n\n\t\t\t\t<\/div>\n\t\t\t\t<\/article>\n\t\t\t\t<article class=\"elementor-post elementor-grid-item post-4189 post type-post status-publish format-standard has-post-thumbnail hentry category-world-wide-food-wine tag-cultura-food-eventi-alessandria-monferrato-vino-arte\" role=\"listitem\">\n\t\t\t\t<a class=\"elementor-post__thumbnail__link\" href=\"https:\/\/www.inwineopinion.com\/home-4\/cammino-enologico-chiusura-mostra-personale-di-gianni-mirone\/\" tabindex=\"-1\" >\n\t\t\t<div class=\"elementor-post__thumbnail\"><img decoding=\"async\" width=\"212\" height=\"300\" src=\"https:\/\/www.inwineopinion.com\/wp-content\/uploads\/2022\/03\/WhatsApp-Image-2022-03-21-at-18.29.04-212x300.jpeg\" class=\"attachment-medium size-medium wp-image-4191\" alt=\"cammino-enologico-aprile-in-wine-opinion\" srcset=\"https:\/\/www.inwineopinion.com\/wp-content\/uploads\/2022\/03\/WhatsApp-Image-2022-03-21-at-18.29.04-212x300.jpeg 212w, https:\/\/www.inwineopinion.com\/wp-content\/uploads\/2022\/03\/WhatsApp-Image-2022-03-21-at-18.29.04-724x1024.jpeg 724w, https:\/\/www.inwineopinion.com\/wp-content\/uploads\/2022\/03\/WhatsApp-Image-2022-03-21-at-18.29.04-768x1086.jpeg 768w, https:\/\/www.inwineopinion.com\/wp-content\/uploads\/2022\/03\/WhatsApp-Image-2022-03-21-at-18.29.04-1086x1536.jpeg 1086w, https:\/\/www.inwineopinion.com\/wp-content\/uploads\/2022\/03\/WhatsApp-Image-2022-03-21-at-18.29.04.jpeg 1131w\" sizes=\"(max-width: 212px) 100vw, 212px\" \/><\/div>\n\t\t<\/a>\n\t\t\t\t<div class=\"elementor-post__text\">\n\t\t\t\t<h3 class=\"elementor-post__title\">\n\t\t\t<a href=\"https:\/\/www.inwineopinion.com\/home-4\/cammino-enologico-chiusura-mostra-personale-di-gianni-mirone\/\" >\n\t\t\t\t&#8220;Cammino enologico&#8221; &#8211; chiusura della mostra personale di Gianni Mirone\t\t\t<\/a>\n\t\t<\/h3>\n\t\t\t\t<div class=\"elementor-post__meta-data\">\n\t\t\t\t\t<span class=\"elementor-post-author\">\n\t\t\tAnna Sacchetto\t\t<\/span>\n\t\t\t\t<span class=\"elementor-post-date\">\n\t\t\t28 Marzo 2022\t\t<\/span>\n\t\t\t\t<\/div>\n\t\t\t\t<div class=\"elementor-post__excerpt\">\n\t\t\t<p>Gli eventi di In wine Opinion Notizia della settimana Alessandria femminile e singolare<\/p>\n\t\t<\/div>\n\t\t\n\t\t<a class=\"elementor-post__read-more\" href=\"https:\/\/www.inwineopinion.com\/home-4\/cammino-enologico-chiusura-mostra-personale-di-gianni-mirone\/\" aria-label=\"Leggi tutto &#8220;Cammino enologico&#8221; &#8211; chiusura della mostra personale di Gianni Mirone\" tabindex=\"-1\" >\n\t\t\tLeggi l'articolo &gt;&gt;\t\t<\/a>\n\n\t\t\t\t<\/div>\n\t\t\t\t<\/article>\n\t\t\t\t<\/div>\n\t\t\n\t\t\t\t\t\t<\/div>\n\t\t\t\t<\/div>\n\t\t\t\t\t<\/div>\n\t\t<\/div>\n\t\t\t\t\t<\/div>\n\t\t<\/section>\n\t\t\t\t<footer class=\"has_eae_slider elementor-section elementor-top-section elementor-element elementor-element-5a94558e elementor-section-boxed elementor-section-height-default elementor-section-height-default\" data-eae-slider=\"57098\" data-id=\"5a94558e\" data-element_type=\"section\" data-e-type=\"section\" data-settings=\"{&quot;background_background&quot;:&quot;classic&quot;}\">\n\t\t\t\t\t\t\t<div class=\"elementor-background-overlay\"><\/div>\n\t\t\t\t\t\t\t<div class=\"elementor-container elementor-column-gap-default\">\n\t\t\t\t\t<div class=\"has_eae_slider elementor-column elementor-col-100 elementor-top-column elementor-element elementor-element-5be7e4eb\" data-eae-slider=\"52883\" data-id=\"5be7e4eb\" data-element_type=\"column\" data-e-type=\"column\" data-settings=\"{&quot;background_background&quot;:&quot;classic&quot;}\">\n\t\t\t<div class=\"elementor-widget-wrap elementor-element-populated\">\n\t\t\t\t\t\t<div class=\"elementor-element elementor-element-51dfc4e6 elementor-shape-circle elementor-grid-0 e-grid-align-center elementor-widget elementor-widget-social-icons\" data-id=\"51dfc4e6\" data-element_type=\"widget\" data-e-type=\"widget\" data-widget_type=\"social-icons.default\">\n\t\t\t\t<div class=\"elementor-widget-container\">\n\t\t\t\t\t\t\t<div class=\"elementor-social-icons-wrapper elementor-grid\" role=\"list\">\n\t\t\t\t\t\t\t<span class=\"elementor-grid-item\" role=\"listitem\">\n\t\t\t\t\t<a class=\"elementor-icon elementor-social-icon elementor-social-icon-facebook-f elementor-animation-shrink elementor-repeater-item-540fa57\" href=\"https:\/\/www.facebook.com\/inwineopinion\/?ref=bookmarks\" target=\"_blank\">\n\t\t\t\t\t\t<span class=\"elementor-screen-only\">Facebook-f<\/span>\n\t\t\t\t\t\t<i aria-hidden=\"true\" class=\"fab fa-facebook-f\"><\/i>\t\t\t\t\t<\/a>\n\t\t\t\t<\/span>\n\t\t\t\t\t\t\t<span class=\"elementor-grid-item\" role=\"listitem\">\n\t\t\t\t\t<a class=\"elementor-icon elementor-social-icon elementor-social-icon-instagram elementor-animation-shrink elementor-repeater-item-225c9fe\" href=\"https:\/\/www.instagram.com\/inwineopinion\/\" target=\"_blank\">\n\t\t\t\t\t\t<span class=\"elementor-screen-only\">Instagram<\/span>\n\t\t\t\t\t\t<i aria-hidden=\"true\" class=\"fab fa-instagram\"><\/i>\t\t\t\t\t<\/a>\n\t\t\t\t<\/span>\n\t\t\t\t\t\t\t<span class=\"elementor-grid-item\" role=\"listitem\">\n\t\t\t\t\t<a class=\"elementor-icon elementor-social-icon elementor-social-icon-twitter elementor-animation-shrink elementor-repeater-item-db47703\" href=\"https:\/\/twitter.com\/OpinionWine\" target=\"_blank\">\n\t\t\t\t\t\t<span class=\"elementor-screen-only\">Twitter<\/span>\n\t\t\t\t\t\t<i aria-hidden=\"true\" class=\"fab fa-twitter\"><\/i>\t\t\t\t\t<\/a>\n\t\t\t\t<\/span>\n\t\t\t\t\t\t\t<span class=\"elementor-grid-item\" role=\"listitem\">\n\t\t\t\t\t<a class=\"elementor-icon elementor-social-icon elementor-social-icon-spotify elementor-animation-shrink elementor-repeater-item-6a17c7f\" href=\"https:\/\/open.spotify.com\/playlist\/3yBm7CHW9HF8xWxdOfCpzV?si=VccKxyJsTOedgxrEz2fjZQ\" target=\"_blank\">\n\t\t\t\t\t\t<span class=\"elementor-screen-only\">Spotify<\/span>\n\t\t\t\t\t\t<i aria-hidden=\"true\" class=\"fab fa-spotify\"><\/i>\t\t\t\t\t<\/a>\n\t\t\t\t<\/span>\n\t\t\t\t\t\t\t<span class=\"elementor-grid-item\" role=\"listitem\">\n\t\t\t\t\t<a class=\"elementor-icon elementor-social-icon elementor-social-icon-envelope elementor-animation-shrink elementor-repeater-item-93baff2\" href=\"mailto:inwineopinion@gmail.com\" target=\"_blank\">\n\t\t\t\t\t\t<span class=\"elementor-screen-only\">Envelope<\/span>\n\t\t\t\t\t\t<i aria-hidden=\"true\" class=\"fas fa-envelope\"><\/i>\t\t\t\t\t<\/a>\n\t\t\t\t<\/span>\n\t\t\t\t\t<\/div>\n\t\t\t\t\t\t<\/div>\n\t\t\t\t<\/div>\n\t\t\t\t<div class=\"elementor-element elementor-element-65b43510 elementor-widget elementor-widget-text-editor\" data-id=\"65b43510\" data-element_type=\"widget\" data-e-type=\"widget\" data-widget_type=\"text-editor.default\">\n\t\t\t\t<div class=\"elementor-widget-container\">\n\t\t\t\t\t\t\t\t\t<p style=\"text-align: center;\"><i>\u00a9 In Wine Opinion &#8211; Tutti i diritti riservati 2020<\/i><\/p>\t\t\t\t\t\t\t\t<\/div>\n\t\t\t\t<\/div>\n\t\t\t\t\t<\/div>\n\t\t<\/div>\n\t\t\t\t\t<\/div>\n\t\t<\/footer>\n\t\t\t\t<\/div>\n\t\t","protected":false},"excerpt":{"rendered":"<p>Anthony Bourdain: lo Chef, il Viaggiatore, l\u2019Uomo.Notizia della settimana Anthony Bourdain, Desidero dedicare il mio primo articolo ad un grande chef americano scomparso pochi giorni fa. L\u2019ho scoperto mentre scrivevo la tesi di laurea sulla storia della cucina italiana in America quando ho acquistato il suo libro \u201cAl Sangue\u201d, seguito del best seller \u201cKitchen Confidential\u201d&hellip;&nbsp;<a href=\"https:\/\/www.inwineopinion.com\/home-4\/cammino-enologico-chiusura-mostra-personale-di-gianni-mirone\/\" rel=\"bookmark\">Leggi tutto &raquo;<span class=\"screen-reader-text\">&#8220;Cammino enologico&#8221; &#8211; chiusura della mostra personale di Gianni Mirone<\/span><\/a><\/p>\n","protected":false},"author":1,"featured_media":4927,"comment_status":"open","ping_status":"open","sticky":false,"template":"elementor_header_footer","format":"standard","meta":{"_exactmetrics_skip_tracking":false,"_exactmetrics_sitenote_active":false,"_exactmetrics_sitenote_note":"","_exactmetrics_sitenote_category":0,"neve_meta_sidebar":"","neve_meta_container":"","neve_meta_enable_content_width":"off","neve_meta_content_width":0,"neve_meta_title_alignment":"","neve_meta_author_avatar":"","neve_post_elements_order":"","neve_meta_disable_header":"","neve_meta_disable_footer":"","neve_meta_disable_title":"","footnotes":""},"categories":[30],"tags":[5,4,6,7,10,9,8],"class_list":["post-68","post","type-post","status-publish","format-standard","has-post-thumbnail","hentry","category-world-wide-food-wine","tag-anthonybourdain","tag-chef","tag-cultura","tag-food","tag-letteratura","tag-viaggi","tag-worldwide"],"yoast_head":"<!-- This site is optimized with the Yoast SEO plugin v27.0 - https:\/\/yoast.com\/product\/yoast-seo-wordpress\/ -->\n<title>Anthony Bourdain: lo Chef, il Viaggiatore, l&#039;Uomo. - In Wine Opinion<\/title>\n<meta name=\"description\" content=\"Desidero dedicare il mio primo articolo ad un grande chef americano scomparso pochi giorni fa, Anthony Bourdain.\" \/>\n<meta name=\"robots\" content=\"index, follow, max-snippet:-1, max-image-preview:large, max-video-preview:-1\" \/>\n<link rel=\"canonical\" href=\"https:\/\/www.inwineopinion.com\/home-4\/anthony-bourdain-lo-chef-il-viaggiatore-luomo\/\" \/>\n<meta property=\"og:locale\" content=\"it_IT\" \/>\n<meta property=\"og:type\" content=\"article\" \/>\n<meta property=\"og:title\" content=\"Anthony Bourdain: lo Chef, il Viaggiatore, l&#039;Uomo. - In Wine Opinion\" \/>\n<meta property=\"og:description\" content=\"Desidero dedicare il mio primo articolo ad un grande chef americano scomparso pochi giorni fa, Anthony Bourdain.\" \/>\n<meta property=\"og:url\" content=\"https:\/\/www.inwineopinion.com\/home-4\/anthony-bourdain-lo-chef-il-viaggiatore-luomo\/\" \/>\n<meta property=\"og:site_name\" content=\"In Wine Opinion\" \/>\n<meta property=\"article:published_time\" content=\"2018-06-11T12:11:53+00:00\" \/>\n<meta property=\"article:modified_time\" content=\"2025-08-25T07:56:04+00:00\" \/>\n<meta name=\"author\" content=\"Anna Sacchetto\" \/>\n<meta name=\"twitter:card\" content=\"summary_large_image\" \/>\n<meta name=\"twitter:label1\" content=\"Scritto da\" \/>\n\t<meta name=\"twitter:data1\" content=\"Anna Sacchetto\" \/>\n\t<meta name=\"twitter:label2\" content=\"Tempo di lettura stimato\" \/>\n\t<meta name=\"twitter:data2\" content=\"3 minuti\" \/>\n<script type=\"application\/ld+json\" class=\"yoast-schema-graph\">{\"@context\":\"https:\/\/schema.org\",\"@graph\":[{\"@type\":\"Article\",\"@id\":\"https:\/\/www.inwineopinion.com\/home-4\/anthony-bourdain-lo-chef-il-viaggiatore-luomo\/#article\",\"isPartOf\":{\"@id\":\"https:\/\/www.inwineopinion.com\/home-4\/anthony-bourdain-lo-chef-il-viaggiatore-luomo\/\"},\"author\":{\"name\":\"Anna Sacchetto\",\"@id\":\"https:\/\/www.inwineopinion.com\/home-4\/#\/schema\/person\/f45867d7bdbde2cdac1b05be1253080d\"},\"headline\":\"Anthony Bourdain: lo Chef, il Viaggiatore, l&#8217;Uomo.\",\"datePublished\":\"2018-06-11T12:11:53+00:00\",\"dateModified\":\"2025-08-25T07:56:04+00:00\",\"mainEntityOfPage\":{\"@id\":\"https:\/\/www.inwineopinion.com\/home-4\/anthony-bourdain-lo-chef-il-viaggiatore-luomo\/\"},\"wordCount\":412,\"commentCount\":0,\"publisher\":{\"@id\":\"https:\/\/www.inwineopinion.com\/home-4\/#\/schema\/person\/f45867d7bdbde2cdac1b05be1253080d\"},\"image\":{\"@id\":\"https:\/\/www.inwineopinion.com\/home-4\/anthony-bourdain-lo-chef-il-viaggiatore-luomo\/#primaryimage\"},\"thumbnailUrl\":\"https:\/\/www.inwineopinion.com\/wp-content\/uploads\/2018\/06\/Attribution-NonCommercial-ShareAlike-2.0-Generic.jpg\",\"keywords\":[\"anthonybourdain\",\"chef\",\"cultura\",\"food\",\"letteratura\",\"viaggi\",\"worldwide\"],\"articleSection\":[\"World Wide Food &amp; Wine\"],\"inLanguage\":\"it-IT\",\"potentialAction\":[{\"@type\":\"CommentAction\",\"name\":\"Comment\",\"target\":[\"https:\/\/www.inwineopinion.com\/home-4\/anthony-bourdain-lo-chef-il-viaggiatore-luomo\/#respond\"]}]},{\"@type\":\"WebPage\",\"@id\":\"https:\/\/www.inwineopinion.com\/home-4\/anthony-bourdain-lo-chef-il-viaggiatore-luomo\/\",\"url\":\"https:\/\/www.inwineopinion.com\/home-4\/anthony-bourdain-lo-chef-il-viaggiatore-luomo\/\",\"name\":\"Anthony Bourdain: lo Chef, il Viaggiatore, l'Uomo. - In Wine Opinion\",\"isPartOf\":{\"@id\":\"https:\/\/www.inwineopinion.com\/home-4\/#website\"},\"primaryImageOfPage\":{\"@id\":\"https:\/\/www.inwineopinion.com\/home-4\/anthony-bourdain-lo-chef-il-viaggiatore-luomo\/#primaryimage\"},\"image\":{\"@id\":\"https:\/\/www.inwineopinion.com\/home-4\/anthony-bourdain-lo-chef-il-viaggiatore-luomo\/#primaryimage\"},\"thumbnailUrl\":\"https:\/\/www.inwineopinion.com\/wp-content\/uploads\/2018\/06\/Attribution-NonCommercial-ShareAlike-2.0-Generic.jpg\",\"datePublished\":\"2018-06-11T12:11:53+00:00\",\"dateModified\":\"2025-08-25T07:56:04+00:00\",\"description\":\"Desidero dedicare il mio primo articolo ad un grande chef americano scomparso pochi giorni fa, Anthony Bourdain.\",\"breadcrumb\":{\"@id\":\"https:\/\/www.inwineopinion.com\/home-4\/anthony-bourdain-lo-chef-il-viaggiatore-luomo\/#breadcrumb\"},\"inLanguage\":\"it-IT\",\"potentialAction\":[{\"@type\":\"ReadAction\",\"target\":[\"https:\/\/www.inwineopinion.com\/home-4\/anthony-bourdain-lo-chef-il-viaggiatore-luomo\/\"]}]},{\"@type\":\"ImageObject\",\"inLanguage\":\"it-IT\",\"@id\":\"https:\/\/www.inwineopinion.com\/home-4\/anthony-bourdain-lo-chef-il-viaggiatore-luomo\/#primaryimage\",\"url\":\"https:\/\/www.inwineopinion.com\/wp-content\/uploads\/2018\/06\/Attribution-NonCommercial-ShareAlike-2.0-Generic.jpg\",\"contentUrl\":\"https:\/\/www.inwineopinion.com\/wp-content\/uploads\/2018\/06\/Attribution-NonCommercial-ShareAlike-2.0-Generic.jpg\",\"width\":959,\"height\":586,\"caption\":\"Attribution-NonCommercial-ShareAlike 2.0 Generic\"},{\"@type\":\"BreadcrumbList\",\"@id\":\"https:\/\/www.inwineopinion.com\/home-4\/anthony-bourdain-lo-chef-il-viaggiatore-luomo\/#breadcrumb\",\"itemListElement\":[{\"@type\":\"ListItem\",\"position\":1,\"name\":\"Home\",\"item\":\"https:\/\/www.inwineopinion.com\/home-4\/\"},{\"@type\":\"ListItem\",\"position\":2,\"name\":\"Anthony Bourdain: lo Chef, il Viaggiatore, l&#8217;Uomo.\"}]},{\"@type\":\"WebSite\",\"@id\":\"https:\/\/www.inwineopinion.com\/home-4\/#website\",\"url\":\"https:\/\/www.inwineopinion.com\/home-4\/\",\"name\":\"In Wine Opinion\",\"description\":\"\",\"publisher\":{\"@id\":\"https:\/\/www.inwineopinion.com\/home-4\/#\/schema\/person\/f45867d7bdbde2cdac1b05be1253080d\"},\"potentialAction\":[{\"@type\":\"SearchAction\",\"target\":{\"@type\":\"EntryPoint\",\"urlTemplate\":\"https:\/\/www.inwineopinion.com\/home-4\/?s={search_term_string}\"},\"query-input\":{\"@type\":\"PropertyValueSpecification\",\"valueRequired\":true,\"valueName\":\"search_term_string\"}}],\"inLanguage\":\"it-IT\"},{\"@type\":[\"Person\",\"Organization\"],\"@id\":\"https:\/\/www.inwineopinion.com\/home-4\/#\/schema\/person\/f45867d7bdbde2cdac1b05be1253080d\",\"name\":\"Anna Sacchetto\",\"image\":{\"@type\":\"ImageObject\",\"inLanguage\":\"it-IT\",\"@id\":\"https:\/\/www.inwineopinion.com\/home-4\/#\/schema\/person\/image\/\",\"url\":\"https:\/\/www.inwineopinion.com\/wp-content\/uploads\/2018\/11\/instagram_anna-01-1024x1024.jpg\",\"contentUrl\":\"https:\/\/www.inwineopinion.com\/wp-content\/uploads\/2018\/11\/instagram_anna-01-1024x1024.jpg\",\"width\":1024,\"height\":1024,\"caption\":\"Anna Sacchetto\"},\"logo\":{\"@id\":\"https:\/\/www.inwineopinion.com\/home-4\/#\/schema\/person\/image\/\"}}]}<\/script>\n<!-- \/ Yoast SEO plugin. -->","yoast_head_json":{"title":"Anthony Bourdain: lo Chef, il Viaggiatore, l'Uomo. - In Wine Opinion","description":"Desidero dedicare il mio primo articolo ad un grande chef americano scomparso pochi giorni fa, Anthony Bourdain.","robots":{"index":"index","follow":"follow","max-snippet":"max-snippet:-1","max-image-preview":"max-image-preview:large","max-video-preview":"max-video-preview:-1"},"canonical":"https:\/\/www.inwineopinion.com\/home-4\/anthony-bourdain-lo-chef-il-viaggiatore-luomo\/","og_locale":"it_IT","og_type":"article","og_title":"Anthony Bourdain: lo Chef, il Viaggiatore, l'Uomo. - In Wine Opinion","og_description":"Desidero dedicare il mio primo articolo ad un grande chef americano scomparso pochi giorni fa, Anthony Bourdain.","og_url":"https:\/\/www.inwineopinion.com\/home-4\/anthony-bourdain-lo-chef-il-viaggiatore-luomo\/","og_site_name":"In Wine Opinion","article_published_time":"2018-06-11T12:11:53+00:00","article_modified_time":"2025-08-25T07:56:04+00:00","author":"Anna Sacchetto","twitter_card":"summary_large_image","twitter_misc":{"Scritto da":"Anna Sacchetto","Tempo di lettura stimato":"3 minuti"},"schema":{"@context":"https:\/\/schema.org","@graph":[{"@type":"Article","@id":"https:\/\/www.inwineopinion.com\/home-4\/anthony-bourdain-lo-chef-il-viaggiatore-luomo\/#article","isPartOf":{"@id":"https:\/\/www.inwineopinion.com\/home-4\/anthony-bourdain-lo-chef-il-viaggiatore-luomo\/"},"author":{"name":"Anna Sacchetto","@id":"https:\/\/www.inwineopinion.com\/home-4\/#\/schema\/person\/f45867d7bdbde2cdac1b05be1253080d"},"headline":"Anthony Bourdain: lo Chef, il Viaggiatore, l&#8217;Uomo.","datePublished":"2018-06-11T12:11:53+00:00","dateModified":"2025-08-25T07:56:04+00:00","mainEntityOfPage":{"@id":"https:\/\/www.inwineopinion.com\/home-4\/anthony-bourdain-lo-chef-il-viaggiatore-luomo\/"},"wordCount":412,"commentCount":0,"publisher":{"@id":"https:\/\/www.inwineopinion.com\/home-4\/#\/schema\/person\/f45867d7bdbde2cdac1b05be1253080d"},"image":{"@id":"https:\/\/www.inwineopinion.com\/home-4\/anthony-bourdain-lo-chef-il-viaggiatore-luomo\/#primaryimage"},"thumbnailUrl":"https:\/\/www.inwineopinion.com\/wp-content\/uploads\/2018\/06\/Attribution-NonCommercial-ShareAlike-2.0-Generic.jpg","keywords":["anthonybourdain","chef","cultura","food","letteratura","viaggi","worldwide"],"articleSection":["World Wide Food &amp; Wine"],"inLanguage":"it-IT","potentialAction":[{"@type":"CommentAction","name":"Comment","target":["https:\/\/www.inwineopinion.com\/home-4\/anthony-bourdain-lo-chef-il-viaggiatore-luomo\/#respond"]}]},{"@type":"WebPage","@id":"https:\/\/www.inwineopinion.com\/home-4\/anthony-bourdain-lo-chef-il-viaggiatore-luomo\/","url":"https:\/\/www.inwineopinion.com\/home-4\/anthony-bourdain-lo-chef-il-viaggiatore-luomo\/","name":"Anthony Bourdain: lo Chef, il Viaggiatore, l'Uomo. - In Wine Opinion","isPartOf":{"@id":"https:\/\/www.inwineopinion.com\/home-4\/#website"},"primaryImageOfPage":{"@id":"https:\/\/www.inwineopinion.com\/home-4\/anthony-bourdain-lo-chef-il-viaggiatore-luomo\/#primaryimage"},"image":{"@id":"https:\/\/www.inwineopinion.com\/home-4\/anthony-bourdain-lo-chef-il-viaggiatore-luomo\/#primaryimage"},"thumbnailUrl":"https:\/\/www.inwineopinion.com\/wp-content\/uploads\/2018\/06\/Attribution-NonCommercial-ShareAlike-2.0-Generic.jpg","datePublished":"2018-06-11T12:11:53+00:00","dateModified":"2025-08-25T07:56:04+00:00","description":"Desidero dedicare il mio primo articolo ad un grande chef americano scomparso pochi giorni fa, Anthony Bourdain.","breadcrumb":{"@id":"https:\/\/www.inwineopinion.com\/home-4\/anthony-bourdain-lo-chef-il-viaggiatore-luomo\/#breadcrumb"},"inLanguage":"it-IT","potentialAction":[{"@type":"ReadAction","target":["https:\/\/www.inwineopinion.com\/home-4\/anthony-bourdain-lo-chef-il-viaggiatore-luomo\/"]}]},{"@type":"ImageObject","inLanguage":"it-IT","@id":"https:\/\/www.inwineopinion.com\/home-4\/anthony-bourdain-lo-chef-il-viaggiatore-luomo\/#primaryimage","url":"https:\/\/www.inwineopinion.com\/wp-content\/uploads\/2018\/06\/Attribution-NonCommercial-ShareAlike-2.0-Generic.jpg","contentUrl":"https:\/\/www.inwineopinion.com\/wp-content\/uploads\/2018\/06\/Attribution-NonCommercial-ShareAlike-2.0-Generic.jpg","width":959,"height":586,"caption":"Attribution-NonCommercial-ShareAlike 2.0 Generic"},{"@type":"BreadcrumbList","@id":"https:\/\/www.inwineopinion.com\/home-4\/anthony-bourdain-lo-chef-il-viaggiatore-luomo\/#breadcrumb","itemListElement":[{"@type":"ListItem","position":1,"name":"Home","item":"https:\/\/www.inwineopinion.com\/home-4\/"},{"@type":"ListItem","position":2,"name":"Anthony Bourdain: lo Chef, il Viaggiatore, l&#8217;Uomo."}]},{"@type":"WebSite","@id":"https:\/\/www.inwineopinion.com\/home-4\/#website","url":"https:\/\/www.inwineopinion.com\/home-4\/","name":"In Wine Opinion","description":"","publisher":{"@id":"https:\/\/www.inwineopinion.com\/home-4\/#\/schema\/person\/f45867d7bdbde2cdac1b05be1253080d"},"potentialAction":[{"@type":"SearchAction","target":{"@type":"EntryPoint","urlTemplate":"https:\/\/www.inwineopinion.com\/home-4\/?s={search_term_string}"},"query-input":{"@type":"PropertyValueSpecification","valueRequired":true,"valueName":"search_term_string"}}],"inLanguage":"it-IT"},{"@type":["Person","Organization"],"@id":"https:\/\/www.inwineopinion.com\/home-4\/#\/schema\/person\/f45867d7bdbde2cdac1b05be1253080d","name":"Anna Sacchetto","image":{"@type":"ImageObject","inLanguage":"it-IT","@id":"https:\/\/www.inwineopinion.com\/home-4\/#\/schema\/person\/image\/","url":"https:\/\/www.inwineopinion.com\/wp-content\/uploads\/2018\/11\/instagram_anna-01-1024x1024.jpg","contentUrl":"https:\/\/www.inwineopinion.com\/wp-content\/uploads\/2018\/11\/instagram_anna-01-1024x1024.jpg","width":1024,"height":1024,"caption":"Anna Sacchetto"},"logo":{"@id":"https:\/\/www.inwineopinion.com\/home-4\/#\/schema\/person\/image\/"}}]}},"_links":{"self":[{"href":"https:\/\/www.inwineopinion.com\/home-4\/wp-json\/wp\/v2\/posts\/68","targetHints":{"allow":["GET"]}}],"collection":[{"href":"https:\/\/www.inwineopinion.com\/home-4\/wp-json\/wp\/v2\/posts"}],"about":[{"href":"https:\/\/www.inwineopinion.com\/home-4\/wp-json\/wp\/v2\/types\/post"}],"author":[{"embeddable":true,"href":"https:\/\/www.inwineopinion.com\/home-4\/wp-json\/wp\/v2\/users\/1"}],"replies":[{"embeddable":true,"href":"https:\/\/www.inwineopinion.com\/home-4\/wp-json\/wp\/v2\/comments?post=68"}],"version-history":[{"count":52,"href":"https:\/\/www.inwineopinion.com\/home-4\/wp-json\/wp\/v2\/posts\/68\/revisions"}],"predecessor-version":[{"id":4930,"href":"https:\/\/www.inwineopinion.com\/home-4\/wp-json\/wp\/v2\/posts\/68\/revisions\/4930"}],"wp:featuredmedia":[{"embeddable":true,"href":"https:\/\/www.inwineopinion.com\/home-4\/wp-json\/wp\/v2\/media\/4927"}],"wp:attachment":[{"href":"https:\/\/www.inwineopinion.com\/home-4\/wp-json\/wp\/v2\/media?parent=68"}],"wp:term":[{"taxonomy":"category","embeddable":true,"href":"https:\/\/www.inwineopinion.com\/home-4\/wp-json\/wp\/v2\/categories?post=68"},{"taxonomy":"post_tag","embeddable":true,"href":"https:\/\/www.inwineopinion.com\/home-4\/wp-json\/wp\/v2\/tags?post=68"}],"curies":[{"name":"wp","href":"https:\/\/api.w.org\/{rel}","templated":true}]}}